{"id":337,"date":"2023-11-09T01:45:57","date_gmt":"2023-11-09T00:45:57","guid":{"rendered":"https:\/\/associationremora.fr\/?p=337"},"modified":"2024-01-15T01:05:07","modified_gmt":"2024-01-15T00:05:07","slug":"notre-asso-la-genese","status":"publish","type":"post","link":"https:\/\/associationremora.fr\/index.php\/2023-11-09\/notre-asso-la-genese\/","title":{"rendered":"Notre asso, la gen\u00e8se\u00a0"},"content":{"rendered":"\n<p>D\u00e8s 2021, entre amis, nous avons d\u00e9couvert la pratique du cano\u00eb-kayak sur les cours d&rsquo;eau alsaciens en faisant l&rsquo;acquisition d&#8217;embarcations gonflables accessibles en termes de co\u00fbt mais aussi de stockage et de d\u00e9placement.<\/p>\n\n\n\n<p>Amoureux des espaces naturels et organisant d\u00e9j\u00e0 r\u00e9guli\u00e8rement des sorties dans la nature avoisinante, les balades en cano\u00eb-kayak se sont r\u00e9v\u00e9l\u00e9es \u00eatre une superbe nouvelle mani\u00e8re de d\u00e9couvrir notre r\u00e9gion. D\u00e9paysantes, comme si nous \u00e9tions en vacances, loin de notre quotidien.<\/p>\n\n\n\n<figure class=\"wp-block-image\"><img loading=\"lazy\" decoding=\"async\" width=\"1024\" height=\"439\" src=\"https:\/\/associationremora.fr\/wp-content\/uploads\/2023\/10\/Background-1024x439.jpg\" alt=\"\" class=\"wp-image-33\" srcset=\"https:\/\/associationremora.fr\/wp-content\/uploads\/2023\/10\/Background-1024x439.jpg 1024w, https:\/\/associationremora.fr\/wp-content\/uploads\/2023\/10\/Background-300x129.jpg 300w, https:\/\/associationremora.fr\/wp-content\/uploads\/2023\/10\/Background-768x329.jpg 768w, https:\/\/associationremora.fr\/wp-content\/uploads\/2023\/10\/Background-1536x658.jpg 1536w, https:\/\/associationremora.fr\/wp-content\/uploads\/2023\/10\/Background-2048x878.jpg 2048w\" sizes=\"auto, (max-width: 1024px) 100vw, 1024px\" \/><\/figure>\n\n\n\n<p>Seulement, au cours de ces journ\u00e9es nous nous sommes rapidement rendus compte qu&rsquo;il y avait une quantit\u00e9 tr\u00e8s importante de d\u00e9chets pr\u00e9sents dans l&rsquo;eau et aux abords.<\/p>\n\n\n\n<p>Notre projet est donc n\u00e9 d&rsquo;une prise de conscience collective quant au besoin de prot\u00e9ger et de pr\u00e9server notre environnement et la biodiversit\u00e9 qui le constitue.<\/p>\n\n\n\n<p>Nous sommes convaincus que la protection de l&rsquo;environnement n\u00e9cessite des actions collectives et qu&rsquo;une association est un moyen efficace de mobiliser une communaut\u00e9 et de faire une diff\u00e9rence significative.<\/p>\n\n\n<figure class=\"wp-block-post-featured-image\"><img loading=\"lazy\" decoding=\"async\" width=\"2560\" height=\"1390\" src=\"https:\/\/associationremora.fr\/wp-content\/uploads\/2023\/11\/GROUPE2023-scaled.jpg\" class=\"attachment-post-thumbnail size-post-thumbnail wp-post-image\" alt=\"\" style=\"object-fit:cover;\" srcset=\"https:\/\/associationremora.fr\/wp-content\/uploads\/2023\/11\/GROUPE2023-scaled.jpg 2560w, https:\/\/associationremora.fr\/wp-content\/uploads\/2023\/11\/GROUPE2023-300x163.jpg 300w, https:\/\/associationremora.fr\/wp-content\/uploads\/2023\/11\/GROUPE2023-1024x556.jpg 1024w, https:\/\/associationremora.fr\/wp-content\/uploads\/2023\/11\/GROUPE2023-768x417.jpg 768w, https:\/\/associationremora.fr\/wp-content\/uploads\/2023\/11\/GROUPE2023-1536x834.jpg 1536w, https:\/\/associationremora.fr\/wp-content\/uploads\/2023\/11\/GROUPE2023-2048x1112.jpg 2048w\" sizes=\"auto, (max-width: 2560px) 100vw, 2560px\" \/><\/figure>","protected":false},"excerpt":{"rendered":"<p>D\u00e8s 2021, entre amis, nous avons d\u00e9couvert la pratique du cano\u00eb-kayak sur les cours d&rsquo;eau alsaciens en faisant l&rsquo;acquisition d&#8217;embarcations gonflables accessibles en termes de co\u00fbt mais aussi de stockage [&hellip;]<\/p>\n","protected":false},"author":5,"featured_media":228,"comment_status":"open","ping_status":"open","sticky":false,"template":"","format":"standard","meta":{"_price":"","_stock":"","_tribe_ticket_header":"","_tribe_default_ticket_provider":"","_tribe_ticket_capacity":"0","_ticket_start_date":"","_ticket_end_date":"","_tribe_ticket_show_description":"","_tribe_ticket_show_not_going":false,"_tribe_ticket_use_global_stock":"","_tribe_ticket_global_stock_level":"","_global_stock_mode":"","_global_stock_cap":"","_tribe_rsvp_for_event":"","_tribe_ticket_going_count":"","_tribe_ticket_not_going_count":"","_tribe_tickets_list":"[]","_tribe_ticket_has_attendee_info_fields":false,"_EventAllDay":false,"_EventTimezone":"","_EventStartDate":"","_EventEndDate":"","_EventStartDateUTC":"","_EventEndDateUTC":"","_EventShowMap":false,"_EventShowMapLink":false,"_EventURL":"","_EventCost":"","_EventCostDescription":"","_EventCurrencySymbol":"","_EventCurrencyCode":"","_EventCurrencyPosition":"","_EventDateTimeSeparator":"","_EventTimeRangeSeparator":"","_EventOrganizerID":[],"_EventVenueID":[],"_OrganizerEmail":"","_OrganizerPhone":"","_OrganizerWebsite":"","_VenueAddress":"","_VenueCity":"","_VenueCountry":"","_VenueProvince":"","_VenueState":"","_VenueZip":"","_VenuePhone":"","_VenueURL":"","_VenueStateProvince":"","_VenueLat":"","_VenueLng":"","_VenueShowMap":false,"_VenueShowMapLink":false,"footnotes":""},"categories":[10],"tags":[13,14],"class_list":["post-337","post","type-post","status-publish","format-standard","has-post-thumbnail","hentry","category-information","tag-lassociation","tag-sujet-leger"],"_links":{"self":[{"href":"https:\/\/associationremora.fr\/index.php\/wp-json\/wp\/v2\/posts\/337","targetHints":{"allow":["GET"]}}],"collection":[{"href":"https:\/\/associationremora.fr\/index.php\/wp-json\/wp\/v2\/posts"}],"about":[{"href":"https:\/\/associationremora.fr\/index.php\/wp-json\/wp\/v2\/types\/post"}],"author":[{"embeddable":true,"href":"https:\/\/associationremora.fr\/index.php\/wp-json\/wp\/v2\/users\/5"}],"replies":[{"embeddable":true,"href":"https:\/\/associationremora.fr\/index.php\/wp-json\/wp\/v2\/comments?post=337"}],"version-history":[{"count":3,"href":"https:\/\/associationremora.fr\/index.php\/wp-json\/wp\/v2\/posts\/337\/revisions"}],"predecessor-version":[{"id":1049,"href":"https:\/\/associationremora.fr\/index.php\/wp-json\/wp\/v2\/posts\/337\/revisions\/1049"}],"wp:featuredmedia":[{"embeddable":true,"href":"https:\/\/associationremora.fr\/index.php\/wp-json\/wp\/v2\/media\/228"}],"wp:attachment":[{"href":"https:\/\/associationremora.fr\/index.php\/wp-json\/wp\/v2\/media?parent=337"}],"wp:term":[{"taxonomy":"category","embeddable":true,"href":"https:\/\/associationremora.fr\/index.php\/wp-json\/wp\/v2\/categories?post=337"},{"taxonomy":"post_tag","embeddable":true,"href":"https:\/\/associationremora.fr\/index.php\/wp-json\/wp\/v2\/tags?post=337"}],"curies":[{"name":"wp","href":"https:\/\/api.w.org\/{rel}","templated":true}]}}